{"id":257,"date":"2020-11-15T10:05:00","date_gmt":"2020-11-15T10:05:00","guid":{"rendered":"http:\/\/www.mekatim.com\/?p=257"},"modified":"2025-09-29T14:14:04","modified_gmt":"2025-09-29T14:14:04","slug":"presse-dassemblage-articulation-sur-essieu","status":"publish","type":"post","link":"https:\/\/www.mekatim.com\/index.php\/2020\/11\/15\/presse-dassemblage-articulation-sur-essieu\/","title":{"rendered":"Presse d&rsquo;assemblage articulation sur essieu"},"content":{"rendered":"\n<p>presse d&#8217;emmanchement d&rsquo;articulation \u00e9lastique sur essieu pour la nouvelle Sandero.<\/p>\n\n\n\n<p>Prise en compte des dispersions d&rsquo;alignement. Chargement optimis\u00e9.<\/p>\n\n\n\n<p>Mesure et courbe d&rsquo;effort. Tra\u00e7abilit\u00e9.<\/p>\n\n\n\n<figure class=\"wp-block-image size-large\"><img loading=\"lazy\" width=\"1024\" height=\"680\" src=\"http:\/\/www.mekatim.com\/wp-content\/uploads\/2020\/12\/presse-renault_clipped_rev_1-1024x680.png\" alt=\"\" class=\"wp-image-258\" srcset=\"https:\/\/www.mekatim.com\/wp-content\/uploads\/2020\/12\/presse-renault_clipped_rev_1-1024x680.png 1024w, https:\/\/www.mekatim.com\/wp-content\/uploads\/2020\/12\/presse-renault_clipped_rev_1-300x199.png 300w, https:\/\/www.mekatim.com\/wp-content\/uploads\/2020\/12\/presse-renault_clipped_rev_1-768x510.png 768w, https:\/\/www.mekatim.com\/wp-content\/uploads\/2020\/12\/presse-renault_clipped_rev_1-1536x1020.png 1536w, https:\/\/www.mekatim.com\/wp-content\/uploads\/2020\/12\/presse-renault_clipped_rev_1-2048x1360.png 2048w\" sizes=\"(max-width: 1024px) 100vw, 1024px\" \/><\/figure>\n\n\n\n<figure class=\"wp-block-image size-large\"><img loading=\"lazy\" width=\"1024\" height=\"680\" src=\"http:\/\/www.mekatim.com\/wp-content\/uploads\/2020\/12\/presse-renault-2-1024x680.jpg\" alt=\"\" class=\"wp-image-259\" srcset=\"https:\/\/www.mekatim.com\/wp-content\/uploads\/2020\/12\/presse-renault-2-1024x680.jpg 1024w, https:\/\/www.mekatim.com\/wp-content\/uploads\/2020\/12\/presse-renault-2-300x199.jpg 300w, https:\/\/www.mekatim.com\/wp-content\/uploads\/2020\/12\/presse-renault-2-768x510.jpg 768w, https:\/\/www.mekatim.com\/wp-content\/uploads\/2020\/12\/presse-renault-2-1536x1020.jpg 1536w, https:\/\/www.mekatim.com\/wp-content\/uploads\/2020\/12\/presse-renault-2-2048x1360.jpg 2048w\" sizes=\"(max-width: 1024px) 100vw, 1024px\" \/><\/figure>\n\n\n\n<figure class=\"wp-block-image size-large\"><img loading=\"lazy\" width=\"1024\" height=\"549\" src=\"http:\/\/www.mekatim.com\/wp-content\/uploads\/2020\/12\/Renault-01-1024x549.jpg\" alt=\"\" class=\"wp-image-410\" srcset=\"https:\/\/www.mekatim.com\/wp-content\/uploads\/2020\/12\/Renault-01-1024x549.jpg 1024w, https:\/\/www.mekatim.com\/wp-content\/uploads\/2020\/12\/Renault-01-300x161.jpg 300w, https:\/\/www.mekatim.com\/wp-content\/uploads\/2020\/12\/Renault-01-768x412.jpg 768w, https:\/\/www.mekatim.com\/wp-content\/uploads\/2020\/12\/Renault-01-1536x824.jpg 1536w, https:\/\/www.mekatim.com\/wp-content\/uploads\/2020\/12\/Renault-01.jpg 1920w\" sizes=\"(max-width: 1024px) 100vw, 1024px\" \/><figcaption>Poste emmanchement Essieu Sandero<\/figcaption><\/figure>\n\n\n\n<p><\/p>\n","protected":false},"excerpt":{"rendered":"<p>presse d&#8217;emmanchement d&rsquo;articulation \u00e9lastique sur essieu pour la nouvelle Sandero. Prise en compte des dispersions d&rsquo;alignement. Chargement optimis\u00e9. Mesure et courbe d&rsquo;effort. Tra\u00e7abilit\u00e9.<\/p>\n","protected":false},"author":2,"featured_media":0,"comment_status":"closed","ping_status":"open","sticky":false,"template":"","format":"standard","meta":[],"categories":[4,11],"tags":[67,46,65,64,69],"_links":{"self":[{"href":"https:\/\/www.mekatim.com\/index.php\/wp-json\/wp\/v2\/posts\/257"}],"collection":[{"href":"https:\/\/www.mekatim.com\/index.php\/wp-json\/wp\/v2\/posts"}],"about":[{"href":"https:\/\/www.mekatim.com\/index.php\/wp-json\/wp\/v2\/types\/post"}],"author":[{"embeddable":true,"href":"https:\/\/www.mekatim.com\/index.php\/wp-json\/wp\/v2\/users\/2"}],"replies":[{"embeddable":true,"href":"https:\/\/www.mekatim.com\/index.php\/wp-json\/wp\/v2\/comments?post=257"}],"version-history":[{"count":3,"href":"https:\/\/www.mekatim.com\/index.php\/wp-json\/wp\/v2\/posts\/257\/revisions"}],"predecessor-version":[{"id":436,"href":"https:\/\/www.mekatim.com\/index.php\/wp-json\/wp\/v2\/posts\/257\/revisions\/436"}],"wp:attachment":[{"href":"https:\/\/www.mekatim.com\/index.php\/wp-json\/wp\/v2\/media?parent=257"}],"wp:term":[{"taxonomy":"category","embeddable":true,"href":"https:\/\/www.mekatim.com\/index.php\/wp-json\/wp\/v2\/categories?post=257"},{"taxonomy":"post_tag","embeddable":true,"href":"https:\/\/www.mekatim.com\/index.php\/wp-json\/wp\/v2\/tags?post=257"}],"curies":[{"name":"wp","href":"https:\/\/api.w.org\/{rel}","templated":true}]}}